{"id":4047,"date":"2022-03-10T09:22:56","date_gmt":"2022-03-10T08:22:56","guid":{"rendered":"http:\/\/bounsel.com\/estres-ansiedad-la-salud-en-la-abogacia\/"},"modified":"2023-06-29T12:45:29","modified_gmt":"2023-06-29T10:45:29","slug":"estres-ansiedad-la-salud-en-la-abogacia","status":"publish","type":"post","link":"https:\/\/www.bounsel.com\/es\/blog\/estres-ansiedad-la-salud-en-la-abogacia\/","title":{"rendered":"\u00bfC\u00f3mo prevenir el estr\u00e9s y la ansiedad en la abogac\u00eda?"},"content":{"rendered":"<p id=\"\">Podr\u00edamos definir la salud mental como el bienestar emocional, psicol\u00f3gico y social de una persona. Y es un concepto que est\u00e1 a la orden del d\u00eda. Por fin. El \u00e1mbito de la salud mental ha estado siempre estigmatizado e invisibilizado, principalmente por desconocimiento popular. Es ahora cuando por parte de la sociedad se asimila que la ansiedad, el estr\u00e9s o la depresi\u00f3n no son \u2018una enfermedad de locos\u2019, sino enfermedades que pueden padecer personas que no tienen por qu\u00e9 estar desequilibradas mentalmente.<\/p>\n<p id=\"\">Este cambio de visi\u00f3n en la sociedad sigue siendo un proceso que va evolucionando. Pese a ello, sigue siendo com\u00fan que alguien se preocupe si le dices que est\u00e1s yendo al psic\u00f3logo o que no entienda exactamente qu\u00e9 es la depresi\u00f3n o ansiedad y haga comentarios al respecto quit\u00e1ndole importancia, cuando el cuidado de la salud mental es tan importante como el de la f\u00edsica.<\/p>\n<p><span style=\"font-weight: 400;\"><div class=\"awb-toc-el awb-toc-el--1\" data-awb-toc-id=\"1\" data-awb-toc-options=\"{&quot;allowed_heading_tags&quot;:{&quot;h2&quot;:0,&quot;h3&quot;:1,&quot;h4&quot;:2},&quot;ignore_headings&quot;:&quot;&quot;,&quot;ignore_headings_words&quot;:&quot;&quot;,&quot;enable_cache&quot;:&quot;yes&quot;,&quot;highlight_current_heading&quot;:&quot;yes&quot;,&quot;hide_hidden_titles&quot;:&quot;yes&quot;,&quot;limit_container&quot;:&quot;all&quot;,&quot;select_custom_headings&quot;:&quot;&quot;,&quot;icon&quot;:&quot;fa-flag fas&quot;,&quot;counter_type&quot;:&quot;decimal&quot;}\" style=\"--awb-margin-top:16px;--awb-margin-bottom:16px;--awb-item-font-size:var(--awb-typography4-font-size);--awb-item-line-height:var(--awb-typography4-line-height);--awb-item-letter-spacing:var(--awb-typography4-letter-spacing);--awb-item-text-transform:var(--awb-typography4-text-transform);--awb-counter-color:var(--awb-color5);--awb-list-indent:16px;--awb-item-padding-top:4px;--awb-item-padding-right:12px;--awb-item-padding-bottom:4px;--awb-item-padding-left:12px;--awb-item-radius-top-left:6px;--awb-item-radius-top-right:6px;--awb-item-radius-bottom-right:6px;--awb-item-radius-bottom-left:6px;--awb-item-font-family:var(--awb-typography4-font-family);--awb-item-font-weight:var(--awb-typography4-font-weight);--awb-item-font-style:var(--awb-typography4-font-style);--awb-counter-type:counters(awb-toc, &quot;.&quot;, decimal) &quot;. &quot;;--awb-item-overflow:hidden;--awb-item-white-space:nowrap;--awb-item-text-overflow:ellipsis;\"><div class=\"awb-toc-el__content\"><\/div><\/div><\/span><\/p>\n<h2 id=\"\"><strong id=\"\">\u00bfQu\u00e9 son el estr\u00e9s y la ansiedad?<\/strong><\/h2>\n<p id=\"\">En primer lugar, hay que poner de relieve que sentir esto en una ocasi\u00f3n en concreto no implica que haya que acudir a buscar ayuda profesional, ya que son una respuesta natural del cerebro ante el peligro, manteniendo a la persona alerta para afrontarlo.<\/p>\n<p id=\"\">El <strong id=\"\">estr\u00e9s<\/strong>, en primer lugar, es un sentimiento o sensaci\u00f3n a corto plazo en respuesta a una amenaza reconocida. S\u00edntomas relacionados son el mal humor, la sensaci\u00f3n de agobio, infelicidad, pensamientos intrusivos, etc. Este estr\u00e9s puede ser positivo en momentos concretos, sobre todo cuando se necesita un plus de energ\u00eda: cumplir con una fecha l\u00edmite, huir de un peligro o estar alerta. El cuerpo libera una serie de hormonas a modo de defensa que permite que la persona en cuesti\u00f3n pueda rendir al 120% cuando lo necesite. Esto es lo que se define como estr\u00e9s agudo, el cual ayuda a mantener el control sobre situaciones extra\u00f1as o peligrosas. No obstante, cuando este estr\u00e9s se repite de manera considerada, es lo que se conoce como <strong id=\"\">estr\u00e9s cr\u00f3nico<\/strong>. Este tipo de estr\u00e9s puede causar problemas de salud, tales como presi\u00f3n arterial alta, problemas de la piel o insuficiencia card\u00edaca.<\/p>\n<p id=\"\">La <strong id=\"\">ansiedad<\/strong>, por otro lado, es un sentimiento de inquietud o nerviosismo por algo que a\u00fan no ha ocurrido, incluso que puede que no ocurra. Es por ello que la ansiedad se alarga m\u00e1s a lo largo del tiempo y que el desencadenante no sea tan identificable. \u00a0Los s\u00edntomas principales son la tensi\u00f3n, el nerviosismo o la sensaci\u00f3n de intranquilidad. Con esta sensaci\u00f3n ocurre lo mismo que con el estr\u00e9s, la padecemos como respuesta del cerebro a una situaci\u00f3n que desconocemos a modo de protecci\u00f3n frente a que esta sea peligrosa. Si la ansiedad se repite de manera descontrolada, se pasa a denominar un <strong id=\"\">trastorno de ansiedad <\/strong>y deriva en p\u00e9rdida de apetito, respiraci\u00f3n acelerada, temblores, etc.<\/p>\n<p>\u200d<a href=\"https:\/\/bounsel.app\/signup\" target=\"_blank\" rel=\"noopener\"><img decoding=\"async\" class=\"lazyload aligncenter wp-image-9211 size-full\" src=\"data:image\/svg+xml,%3Csvg%20xmlns%3D%27http%3A%2F%2Fwww.w3.org%2F2000%2Fsvg%27%20width%3D%272184%27%20height%3D%27547%27%20viewBox%3D%270%200%202184%20547%27%3E%3Crect%20width%3D%272184%27%20height%3D%27547%27%20fill-opacity%3D%220%22%2F%3E%3C%2Fsvg%3E\" data-orig-src=\"http:\/\/bounsel.com\/wp-content\/uploads\/2022\/03\/estres-abogados.jpg\" alt=\"estre\u0301s abogados\" width=\"2184\" height=\"547\" \/><\/a><\/p>\n<h2 id=\"\"><strong id=\"\">\u00bfQu\u00e9 es la depresi\u00f3n?<\/strong><\/h2>\n<p id=\"\">Por otro lado, y va cogida de la mano de los otros dos problemas de salud mental que hemos comentado antes, est\u00e1 la depresi\u00f3n. Se puede describir como una vivencia subjetiva de malestar que se manifiesta por s\u00edntomas afectivos, conductuales, cognitivos, etc. \u00c9stos se suelen manifestar en forma de p\u00e9rdida del placer, apat\u00eda, alteraciones en el apetito, tendencias al aislamiento e, incluso, pensamientos suicidas.<\/p>\n<p id=\"\">Se trata mediante la psicoterapia, a partir de la que se ofrece confianza, comprensi\u00f3n y apoyo emocional y el tratamiento farmacol\u00f3gico, haciendo uso de ansiol\u00edticos y antidepresivos para aliviar los s\u00edntomas m\u00e1s graves de la depresi\u00f3n.<\/p>\n<p>\u200d<\/p>\n<h2 id=\"\"><strong id=\"\">Abogados: los profesionales m\u00e1s propensos a sufrir depresi\u00f3n<\/strong><\/h2>\n<p id=\"\">Apliquemos estos datos al mundo de la abogac\u00eda. Los abogados lideran el ranking de los profesionales m\u00e1s deprimidos, con cifras tan alarmantes como que uno de cada tres contemplan el suicidio al menos una vez al a\u00f1o y que el 30% sufren depresi\u00f3n detectada cl\u00ednicamente. La anhedonia, que es la incapacidad para encontrar el placer o satisfacci\u00f3n en cosas que normalmente lo provocan, o la distimia, que se podr\u00eda clasificar como una peque\u00f1a depresi\u00f3n, a un nivel m\u00e1s bajo, pero de manera cr\u00f3nica, son s\u00edntomas muy comunes en los abogados a los que se les detecta este problema de salud mental.<\/p>\n<p id=\"\">Y, \u00bfpor qu\u00e9 est\u00e1 tan presente en los profesionales de la abogac\u00eda? La tolerancia a trabajar bajo presi\u00f3n es uno de los factores que se valoran positivamente en el sector legal privado. Se hace hincapi\u00e9 desde las empresas que les contratan que \u2018un buen abogado ha de estar preparado para el ataque y prever el futuro para identificar futuros problemas que puedan sacudir su mundo\u2019.<\/p>\n<p id=\"\">Esta es una de las razones por las que el estr\u00e9s y la ansiedad puedan estar tan presentes en este oficio, adem\u00e1s de las largas jornadas de trabajo, los objetivos inalcanzables, la presi\u00f3n, etc. Si a esto le a\u00f1adimos que los problemas de salud mental est\u00e1n bastante estigmatizados, sobre todo en un ambiente conservador como es el mundo de la abogac\u00eda, aparece la cuesti\u00f3n de sentirse discriminado por pedir ayuda.<\/p>\n<h2 id=\"\"><strong id=\"\">Estigma en el mundo de la abogac\u00eda<\/strong><\/h2>\n<p id=\"\">Entendemos un estigma como el sentimiento negativo de exclusi\u00f3n social hacia una persona o grupo de personas que comparten unas caracter\u00edsticas espec\u00edficas, normalmente relacionado con alguna enfermedad o caracter\u00edstica social que no se comparta con la normatividad social.<\/p>\n<p id=\"\">En este caso en concreto tiene que ver con el sentimiento de infravaloraci\u00f3n. Seg\u00fan la encuesta realizada por la Dave Nee Foundation, un 64% de estudiantes de derecho no buscan ayuda m\u00e9dica por el miedo que les provoca la posibilidad de que esto pueda acarrear consecuencias negativas a lo largo de su carrera. Se llega a la conclusi\u00f3n de que a una persona con problemas de salud mental se le considere d\u00e9bil o incapaz de defender el inter\u00e9s de un ciudadano y\/o una empresa. Esto no es m\u00e1s que consecuencia de un prejuicio social, el cual no tiene ning\u00fan tipo de base s\u00f3lida y \u00fanicamente condiciona a los profesionales que sufren de este tipo de problemas a no pedir ayuda. Esto solo provoca que los profesionales del sector jur\u00eddico que padecen este tipo de problemas de salud mental se hundan m\u00e1s en ese hoyo y no consigan salir, teniendo en ciertas ocasiones consecuencias devastadoras.<\/p>\n<p id=\"\">Profesionales como Patrick Krill afirman que las consecuencias de que los abogados y abogadas sufran de este problema no s\u00f3lo afecta al mundo legal sino que \u2018se desborda hacia otras \u00e1reas, desde el funcionamiento de la econom\u00eda estatal hasta (&#8230;) los derechos civiles y la propiedad de los ciudadanos\u2019. Adem\u00e1s, insiste en que el impacto en la sociedad es de un tama\u00f1o enorme, que no ha sido ni reconocido ni evaluado.<\/p>\n<p id=\"\">Para hacernos una idea, podemos consultar el Estudio de Salud y Bienestar de la Abogac\u00eda Espa\u00f1ola, realizado por el Instituto de Salud Mental de la Abogac\u00eda y Lefebvre. De \u00e9l podemos extraer que un 81% de los abogados entrevistados duermen menos que lo recomendado por la <em id=\"\">National Sleep Foundation<\/em>, que un 82% preferir\u00edan cobrar menos y poder dedicar m\u00e1s tiempo al \u00e1mbito privado y que un 83,5% consideran como riesgo muy elevado el padecer estr\u00e9s.<\/p>\n<p><a href=\"https:\/\/land.bounsel.com\/es\/whitepaper-bienestar-mental-abogacia-2023\" target=\"_blank\" rel=\"noopener nofollow\"><img decoding=\"async\" class=\"lazyload alignnone wp-image-9213 size-full\" src=\"http:\/\/bounsel.com\/wp-content\/uploads\/2022\/03\/estres-abogados-1.png\" data-orig-src=\"http:\/\/bounsel.com\/wp-content\/uploads\/2022\/03\/estres-abogados-1.png\" alt=\"estres abogados 1\" width=\"1200\" height=\"675\" srcset=\"data:image\/svg+xml,%3Csvg%20xmlns%3D%27http%3A%2F%2Fwww.w3.org%2F2000%2Fsvg%27%20width%3D%271200%27%20height%3D%27675%27%20viewBox%3D%270%200%201200%20675%27%3E%3Crect%20width%3D%271200%27%20height%3D%27675%27%20fill-opacity%3D%220%22%2F%3E%3C%2Fsvg%3E\" data-srcset=\"https:\/\/media-bnsl.s3.eu-west-1.amazonaws.com\/www\/uploads\/2022\/03\/04171920\/estres-abogados-1-200x113.png 200w, https:\/\/media-bnsl.s3.eu-west-1.amazonaws.com\/www\/uploads\/2022\/03\/04171920\/estres-abogados-1-300x169.png 300w, https:\/\/media-bnsl.s3.eu-west-1.amazonaws.com\/www\/uploads\/2022\/03\/04171920\/estres-abogados-1-400x225.png 400w, https:\/\/media-bnsl.s3.eu-west-1.amazonaws.com\/www\/uploads\/2022\/03\/04171920\/estres-abogados-1-600x338.png 600w, https:\/\/media-bnsl.s3.eu-west-1.amazonaws.com\/www\/uploads\/2022\/03\/04171920\/estres-abogados-1-768x432.png 768w, https:\/\/media-bnsl.s3.eu-west-1.amazonaws.com\/www\/uploads\/2022\/03\/04171920\/estres-abogados-1-800x450.png 800w, https:\/\/media-bnsl.s3.eu-west-1.amazonaws.com\/www\/uploads\/2022\/03\/04171920\/estres-abogados-1-1024x576.png 1024w, https:\/\/media-bnsl.s3.eu-west-1.amazonaws.com\/www\/uploads\/2022\/03\/04171920\/estres-abogados-1.png 1200w\" data-sizes=\"auto\" data-orig-sizes=\"(max-width: 1200px) 100vw, 1200px\" \/><\/a>\u200d<\/p>\n<h2 id=\"\"><strong id=\"\">\u00bfLa soluci\u00f3n? Romper el estigma<\/strong><\/h2>\n<p id=\"\">Seg\u00fan Manel Atserias, activista por la salud mental y fundador del Instituto de la Salud Mental de la Abogac\u00eda, uno de los puntos claves para acabar con este estigma es darle visibilidad a un tema que hasta hace relativamente poco era un tab\u00fa, especialmente en el mundo de la abogac\u00eda.<\/p>\n<p id=\"\">A trav\u00e9s de actividades por parte de la abogac\u00eda institucional, as\u00ed como de organizaciones sin \u00e1nimo de lucro, se ha de incitar a los profesionales del mundo legal a empoderarse y ser capaz de explicar qu\u00e9 sienten sin temor a represalias. Las apariciones de profesionales en medios de comunicaci\u00f3n tradicionales o las campa\u00f1as de sensibilizaci\u00f3n con el objetivo de incentivar la b\u00fasqueda de ayuda profesional son pasos que ayudan a sacar a la luz y dar visibilidad a estos problemas, lo cual derivar\u00e1 en una mejora del bienestar y una humanizaci\u00f3n de la profesi\u00f3n.<\/p>\n<p id=\"\">Un profesional de la abogac\u00eda es m\u00e1s productivo si trabaja feliz y siente libertad a la hora de expresar sus sentimientos que alguien que trabaje m\u00e1s horas y padezca de s\u00edndrome de burnout. En el mundo anglosaj\u00f3n se habla de que es bueno para el negocio, bueno para el cliente y lo correcto a hacer (\u2018Good for business, good for clients and the right thing to do\u2019).<\/p>\n<p id=\"\">\u200d<\/p>\n","protected":false},"excerpt":{"rendered":"<p>El \u00e1mbito de la salud mental ha estado siempre estigmatizado e invisibilizado, principalmente por desconocimiento popular.<\/p>\n","protected":false},"author":11,"featured_media":4048,"comment_status":"closed","ping_status":"closed","sticky":false,"template":"","format":"standard","meta":{"content-type":"","footnotes":""},"categories":[521],"tags":[],"class_list":["post-4047","post","type-post","status-publish","format-standard","has-post-thumbnail","hentry","category-legal-es"],"_links":{"self":[{"href":"https:\/\/www.bounsel.com\/es\/wp-json\/wp\/v2\/posts\/4047","targetHints":{"allow":["GET"]}}],"collection":[{"href":"https:\/\/www.bounsel.com\/es\/wp-json\/wp\/v2\/posts"}],"about":[{"href":"https:\/\/www.bounsel.com\/es\/wp-json\/wp\/v2\/types\/post"}],"author":[{"embeddable":true,"href":"https:\/\/www.bounsel.com\/es\/wp-json\/wp\/v2\/users\/11"}],"replies":[{"embeddable":true,"href":"https:\/\/www.bounsel.com\/es\/wp-json\/wp\/v2\/comments?post=4047"}],"version-history":[{"count":1,"href":"https:\/\/www.bounsel.com\/es\/wp-json\/wp\/v2\/posts\/4047\/revisions"}],"predecessor-version":[{"id":17279,"href":"https:\/\/www.bounsel.com\/es\/wp-json\/wp\/v2\/posts\/4047\/revisions\/17279"}],"wp:featuredmedia":[{"embeddable":true,"href":"https:\/\/www.bounsel.com\/es\/wp-json\/wp\/v2\/media\/4048"}],"wp:attachment":[{"href":"https:\/\/www.bounsel.com\/es\/wp-json\/wp\/v2\/media?parent=4047"}],"wp:term":[{"taxonomy":"category","embeddable":true,"href":"https:\/\/www.bounsel.com\/es\/wp-json\/wp\/v2\/categories?post=4047"},{"taxonomy":"post_tag","embeddable":true,"href":"https:\/\/www.bounsel.com\/es\/wp-json\/wp\/v2\/tags?post=4047"}],"curies":[{"name":"wp","href":"https:\/\/api.w.org\/{rel}","templated":true}]}}