{"id":4250,"date":"2021-03-02T09:43:54","date_gmt":"2021-03-02T08:43:54","guid":{"rendered":"http:\/\/bounsel.com\/maria-marketing-trainee\/"},"modified":"2023-03-09T16:56:14","modified_gmt":"2023-03-09T15:56:14","slug":"maria-marketing-trainee","status":"publish","type":"post","link":"https:\/\/www.bounsel.com\/es\/blog\/maria-marketing-trainee\/","title":{"rendered":"En\u00e9rgica y positiva llega Mar\u00eda como Marketing Trainee"},"content":{"rendered":"<p>Esta joven valenciana de 21 a\u00f1os se acaba de incorporar como Trainee al Departamento de Marketing y Comunicaci\u00f3n.<\/p>\n<p>Mar\u00eda es la benjamina del equipo, est\u00e1 en el \u00faltimo curso del Grado en Comunicaci\u00f3n Audiovisual en la Universidad de Valencia y se ha unido a Bounsel para completar su formaci\u00f3n. Colabora y ayuda en la generaci\u00f3n de contenido audiovisual y multimedia, adem\u00e1s de que contribuye en la redacci\u00f3n de este.<\/p>\n<p>Siempre con ganas de aprender y seguir creciendo, ha compaginado sus estudios de grado con diversas experiencias profesionales relacionadas con la atenci\u00f3n al cliente, que le han permitido desarrollar habilidades de trabajo en equipo, organizaci\u00f3n y comunicaci\u00f3n.<\/p>\n<p>Como ya saben, esto no es todo, en Bounsel no solo hablamos de formaci\u00f3n y experiencia. Nos gusta conocer a las personas con las que trabajamos m\u00e1s all\u00e1 de su vida laboral. As\u00ed, hemos descubierto que Mar\u00eda, como buena <em>millennial<\/em>, es una apasionada de la tecnolog\u00eda y las redes sociales, le encanta la moda y la fotograf\u00eda. Pero, eso s\u00ed, cada vez que puede aprovecha para hacer una escapada y desconectar en las maravillosas playas de nuestra tierra.<\/p>\n<p><strong>\u00bfT\u00fa tambi\u00e9n quieres formar parte del equipo de Bounsel? Consulta las ofertas de trabajo disponibles y <\/strong><a href=\"https:\/\/es.bounsel.com\/careers\" target=\"_blank\" rel=\"noopener nofollow\"><strong>\u00a1\u00fanete a nosotros!<\/strong><\/a><\/p>\n<p>\u200d<\/p>\n","protected":false},"excerpt":{"rendered":"<p>Esta joven valenciana de 21 a\u00f1os se acaba de incorporar como Trainee al Departamento de Marketing y Comunicaci\u00f3n.<\/p>\n","protected":false},"author":11,"featured_media":4251,"comment_status":"closed","ping_status":"closed","sticky":false,"template":"","format":"standard","meta":{"content-type":"","footnotes":""},"categories":[97],"tags":[],"class_list":["post-4250","post","type-post","status-publish","format-standard","has-post-thumbnail","hentry","category-bounsel-es"],"_links":{"self":[{"href":"https:\/\/www.bounsel.com\/es\/wp-json\/wp\/v2\/posts\/4250","targetHints":{"allow":["GET"]}}],"collection":[{"href":"https:\/\/www.bounsel.com\/es\/wp-json\/wp\/v2\/posts"}],"about":[{"href":"https:\/\/www.bounsel.com\/es\/wp-json\/wp\/v2\/types\/post"}],"author":[{"embeddable":true,"href":"https:\/\/www.bounsel.com\/es\/wp-json\/wp\/v2\/users\/11"}],"replies":[{"embeddable":true,"href":"https:\/\/www.bounsel.com\/es\/wp-json\/wp\/v2\/comments?post=4250"}],"version-history":[{"count":0,"href":"https:\/\/www.bounsel.com\/es\/wp-json\/wp\/v2\/posts\/4250\/revisions"}],"wp:featuredmedia":[{"embeddable":true,"href":"https:\/\/www.bounsel.com\/es\/wp-json\/wp\/v2\/media\/4251"}],"wp:attachment":[{"href":"https:\/\/www.bounsel.com\/es\/wp-json\/wp\/v2\/media?parent=4250"}],"wp:term":[{"taxonomy":"category","embeddable":true,"href":"https:\/\/www.bounsel.com\/es\/wp-json\/wp\/v2\/categories?post=4250"},{"taxonomy":"post_tag","embeddable":true,"href":"https:\/\/www.bounsel.com\/es\/wp-json\/wp\/v2\/tags?post=4250"}],"curies":[{"name":"wp","href":"https:\/\/api.w.org\/{rel}","templated":true}]}}